{"id":1068,"date":"2026-05-02T15:07:00","date_gmt":"2026-05-02T20:07:00","guid":{"rendered":"https:\/\/vistazodiscover.audiencelabs.com.br\/?p=1068"},"modified":"2026-04-28T06:36:56","modified_gmt":"2026-04-28T11:36:56","slug":"mezclar-cafe-con-canela-para-que-sirve-y-por-que-se-recomienda-hacerlo-por-la-manana","status":"publish","type":"post","link":"https:\/\/vistazodiscover.audiencelabs.com.br\/mezclar-cafe-con-canela-para-que-sirve-y-por-que-se-recomienda-hacerlo-por-la-manana\/","title":{"rendered":"Mezclar caf\u00e9 con canela: \u00bfpara qu\u00e9 sirve y por qu\u00e9 se recomienda hacerlo por la ma\u00f1ana?"},"content":{"rendered":"<section class=\"text-token-text-primary w-full focus:outline-none [--shadow-height:45px] has-data-writing-block:pointer-events-none has-data-writing-block:-mt-(--shadow-height) has-data-writing-block:pt-(--shadow-height) [&amp;:has([data-writing-block])&gt;*]:pointer-events-auto [content-visibility:auto] supports-[content-visibility:auto]:[contain-intrinsic-size:auto_100lvh] R6Vx5W_threadScrollVars scroll-mb-[calc(var(--scroll-root-safe-area-inset-bottom,0px)+var(--thread-response-height))] scroll-mt-[calc(var(--header-height)+min(200px,max(70px,20svh)))]\" dir=\"auto\" data-turn-id=\"request-WEB:5fd58b10-f924-4419-96f7-caa3ddf4e3c3-12\" data-testid=\"conversation-turn-26\" data-scroll-anchor=\"false\" data-turn=\"assistant\">\n<div class=\"text-base my-auto mx-auto pb-10 [--thread-content-margin:var(--thread-content-margin-xs,calc(var(--spacing)*4))] @w-sm\/main:[--thread-content-margin:var(--thread-content-margin-sm,calc(var(--spacing)*6))] @w-lg\/main:[--thread-content-margin:var(--thread-content-margin-lg,calc(var(--spacing)*16))] px-(--thread-content-margin)\">\n<div class=\"[--thread-content-max-width:40rem] @w-lg\/main:[--thread-content-max-width:48rem] mx-auto max-w-(--thread-content-max-width) flex-1 group\/turn-messages focus-visible:outline-hidden relative flex w-full min-w-0 flex-col agent-turn\">\n<div class=\"flex max-w-full flex-col gap-4 grow\">\n<div class=\"min-h-8 text-message relative flex w-full flex-col items-end gap-2 text-start break-words whitespace-normal outline-none keyboard-focused:focus-ring [.text-message+&amp;]:mt-1\" dir=\"auto\" data-message-author-role=\"assistant\" data-message-id=\"64216e00-400e-4a6c-80b1-78b84bb7b672\" data-message-model-slug=\"gpt-5-3\" data-turn-start-message=\"true\">\n<div class=\"flex w-full flex-col gap-1 empty:hidden\">\n<div class=\"markdown prose dark:prose-invert w-full wrap-break-word dark markdown-new-styling\">\n<p data-start=\"281\" data-end=\"494\">&iquest;Por qu&eacute; mezclar caf&eacute; con canela al comenzar el d&iacute;a est&aacute; ganando adeptos? Cada vez m&aacute;s personas incorporan esta combinaci&oacute;n en sus rutinas matutinas, atra&iacute;das tanto por su sabor como por la experiencia que ofrece.<\/p>\n<p data-start=\"496\" data-end=\"668\">Este h&aacute;bito sencillo puede transformar una taza de caf&eacute; en algo diferente, sumando aroma, matices especiados y una sensaci&oacute;n reconfortante desde las primeras horas del d&iacute;a.<\/p>\n<p data-start=\"670\" data-end=\"868\">Agregar canela al caf&eacute; aporta un sabor distintivo, pero su atractivo va m&aacute;s all&aacute; del gusto. Para muchas personas, esta mezcla se asocia con una sensaci&oacute;n de calidez y bienestar al empezar la ma&ntilde;ana.<\/p>\n<p data-start=\"870\" data-end=\"1005\">Adem&aacute;s, la canela puede aportar dulzor natural, lo que lleva a algunas personas a reducir el uso de az&uacute;car o edulcorantes en la bebida.<\/p>\n<h2 data-section-id=\"8i6ccc\" data-start=\"1007\" data-end=\"1052\">M&aacute;s que sabor: una rutina con valor propio<\/h2>\n<p data-start=\"1054\" data-end=\"1150\">Parte del encanto del caf&eacute; con canela est&aacute; en convertir un gesto cotidiano en un peque&ntilde;o ritual.&nbsp;Prepararlo puede generar un momento de pausa y enfoque antes de comenzar la jornada, algo que muchas personas valoran en medio de rutinas aceleradas.<\/p>\n<p data-start=\"1303\" data-end=\"1452\">Algunos tambi&eacute;n destacan que el aroma y la familiaridad de esta combinaci&oacute;n contribuyen a una sensaci&oacute;n de energ&iacute;a y disposici&oacute;n para empezar el d&iacute;a.<\/p>\n<h2 data-section-id=\"185n2df\" data-start=\"1454\" data-end=\"1490\">Una mezcla asociada con bienestar<\/h2>\n<p data-start=\"1492\" data-end=\"1674\">Otro motivo de su popularidad es que muchas personas perciben esta combinaci&oacute;n como agradable despu&eacute;s del desayuno, especialmente acompa&ntilde;ada de alimentos como pan, frutas o cereales.<\/p>\n<p data-start=\"1676\" data-end=\"1827\">La canela, adem&aacute;s, suele asociarse tradicionalmente con propiedades digestivas, lo que ha contribuido a su presencia en distintas bebidas e infusiones.<\/p>\n<p data-start=\"1829\" data-end=\"1949\">M&aacute;s all&aacute; de beneficios puntuales, parte de su atractivo est&aacute; en c&oacute;mo suma sabor, confort y variedad a una rutina diaria.<\/p>\n<p data-start=\"1951\" data-end=\"2157\" data-is-last-node=\"\" data-is-only-node=\"\">El caf&eacute; con canela ha ido m&aacute;s all&aacute; de ser solo una bebida para despertar. Para muchos, se ha convertido en una forma simple de comenzar el d&iacute;a con un toque extra de aroma, calidez y disfrute.<\/p>\n<\/div>\n<\/div>\n<\/div>\n<\/div>\n<\/div>\n<\/div>\n<\/section>\n<div class=\"pointer-events-none -mt-px h-px translate-y-[calc(var(--scroll-root-safe-area-inset-bottom)-14*var(--spacing))]\" aria-hidden=\"true\">&nbsp;<\/div>\n","protected":false},"excerpt":{"rendered":"<p>&iquest;Por qu&eacute; mezclar caf&eacute; con canela al comenzar el d&iacute;a est&aacute; ganando adeptos? Cada vez m&aacute;s personas incorporan esta combinaci&oacute;n en sus rutinas matutinas, atra&iacute;das tanto por su sabor como por la experiencia que ofrece. Este h&aacute;bito sencillo puede transformar una taza de caf&eacute; en algo diferente, sumando aroma, matices especiados y una sensaci&oacute;n reconfortante [&hellip;]<\/p>\n","protected":false},"author":3,"featured_media":1067,"comment_status":"open","ping_status":"open","sticky":false,"template":"","format":"standard","meta":{"jnews-multi-image_gallery":[],"jnews_single_post":[],"jnews_primary_category":[],"jnews_social_meta":[],"jnews_post_split":[],"footnotes":""},"categories":[55],"tags":[],"class_list":["post-1068","post","type-post","status-publish","format-standard","has-post-thumbnail","hentry","category-discover"],"_links":{"self":[{"href":"https:\/\/vistazodiscover.audiencelabs.com.br\/wp-json\/wp\/v2\/posts\/1068","targetHints":{"allow":["GET"]}}],"collection":[{"href":"https:\/\/vistazodiscover.audiencelabs.com.br\/wp-json\/wp\/v2\/posts"}],"about":[{"href":"https:\/\/vistazodiscover.audiencelabs.com.br\/wp-json\/wp\/v2\/types\/post"}],"author":[{"embeddable":true,"href":"https:\/\/vistazodiscover.audiencelabs.com.br\/wp-json\/wp\/v2\/users\/3"}],"replies":[{"embeddable":true,"href":"https:\/\/vistazodiscover.audiencelabs.com.br\/wp-json\/wp\/v2\/comments?post=1068"}],"version-history":[{"count":1,"href":"https:\/\/vistazodiscover.audiencelabs.com.br\/wp-json\/wp\/v2\/posts\/1068\/revisions"}],"predecessor-version":[{"id":1069,"href":"https:\/\/vistazodiscover.audiencelabs.com.br\/wp-json\/wp\/v2\/posts\/1068\/revisions\/1069"}],"wp:featuredmedia":[{"embeddable":true,"href":"https:\/\/vistazodiscover.audiencelabs.com.br\/wp-json\/wp\/v2\/media\/1067"}],"wp:attachment":[{"href":"https:\/\/vistazodiscover.audiencelabs.com.br\/wp-json\/wp\/v2\/media?parent=1068"}],"wp:term":[{"taxonomy":"category","embeddable":true,"href":"https:\/\/vistazodiscover.audiencelabs.com.br\/wp-json\/wp\/v2\/categories?post=1068"},{"taxonomy":"post_tag","embeddable":true,"href":"https:\/\/vistazodiscover.audiencelabs.com.br\/wp-json\/wp\/v2\/tags?post=1068"}],"curies":[{"name":"wp","href":"https:\/\/api.w.org\/{rel}","templated":true}]}}